{"id":698,"date":"2011-03-10T16:24:06","date_gmt":"2011-03-10T15:24:06","guid":{"rendered":"http:\/\/www.horsdoeuvre.fr\/?p=698"},"modified":"2025-02-19T11:02:36","modified_gmt":"2025-02-19T10:02:36","slug":"festival-d-amiens-2011","status":"publish","type":"post","link":"https:\/\/www.horsdoeuvre.fr\/ru\/festival-d-amiens-2011\/","title":{"rendered":"Festival d&#8217;Amiens 2011"},"content":{"rendered":"<p>\u00ab\u00a0La musique n\u2019a pas de prix\u00a0\u00bb. C\u2019est du moins ce qu\u2019ont d\u00e9cid\u00e9 les organisateurs de <strong>l\u2019Amiens Jazz Festival<\/strong>. Prenant mod\u00e8le sur le concept lanc\u00e9 par Radiohead avec \u00ab\u00a0In Rainbows\u00a0\u00bb, ils ont imagin\u00e9 de faire payer le prix juste, c\u2019est \u00e0 dire celui que vous pouvez, ou voulez, mettre, pour aller voir t\u00eates d\u2019affiches originales, pointures du jazz, du rock ou de la vari\u00e9t\u00e9. Un seul crit\u00e8re, la qualit\u00e9\u2026<\/p>\n<p><img loading=\"lazy\" decoding=\"async\" class=\"size-full wp-image-711 alignright\" title=\"Dez Mona\" src=\"https:\/\/www.horsdoeuvre.fr\/wp-content\/uploads\/dez-mona.jpg\" alt=\"\" width=\"200\" height=\"134\" \/>Depuis le 16 mars d\u00e9j\u00e0, le <strong>Balkan Brass Band, Guillaume de Chassy<\/strong> ou la formation <strong>Fantasio Solo<\/strong>, prom\u00e8nent leurs accords fantaisistes sur les routes de Picardie. Un beau moyen de commencer ce festival qui existe depuis 30 ans\u00a0: trois d\u00e9cennies consacr\u00e9es \u00e0 la promotion de la musique sous toutes ses formes afin de tenter de la rendre accessible au plus grand nombre.<\/p>\n<p>Le <strong>30 mars 2011<\/strong>, les hostilit\u00e9s commencent pour de bon avec <strong>Rodolphe Burger<\/strong>, histoire de patienter avant de l\u2019entendre rendre un hommage branch\u00e9 sur secteur au <strong>Velvet Underground<\/strong>, le 26 mai prochain, au Centre Georges Pompidou. Le m\u00eame jour, les festivaliers pourront courir finir la soir\u00e9e avec <strong>Chocolate Genius<\/strong>, ou (ce qui serait mon cas) avec <a title=\"Joy, l'album\" href=\"https:\/\/www.horsdoeuvre.fr\/musique\/joy-apocalypse-joyeuse\">Joy<\/a>, la nouvelle formation de Marc A. Huygens, l\u2019ancien leader de Venus.<\/p>\n<p><img loading=\"lazy\" decoding=\"async\" class=\"alignleft size-full wp-image-710\" title=\"Rodolphe Burger\" src=\"https:\/\/www.horsdoeuvre.fr\/wp-content\/uploads\/rodolphe-burger.jpg\" alt=\"\" width=\"140\" height=\"210\" srcset=\"https:\/\/www.horsdoeuvre.fr\/wp-content\/uploads\/rodolphe-burger.jpg 140w, https:\/\/www.horsdoeuvre.fr\/wp-content\/uploads\/rodolphe-burger-83x125.jpg 83w\" sizes=\"(max-width: 140px) 100vw, 140px\" \/>Les jours suivants, et ce jusqu\u2019au 3 avril, mieux vaudra \u00eatre bien chauss\u00e9 et convenablement hydrat\u00e9 pour aller voir, en vrac, <strong>Piers Faccini, Yael Naim et David Donatien<\/strong>, <strong>Albin de la Simone, Elysan Fields<\/strong>, <a title=\"L'avis d'Elise Guillon\" href=\"https:\/\/www.horsdoeuvre.fr\/musique\/kidwithnoeyes-concert-yael-naim-28-janvier-2011\">Kidwithnoeyes<\/a> (dont Elise pense le plus grand bien\u2026), l\u2019\u00e9nigmatique duo belge <a title=\"Notre article sur Dez Mona\" href=\"https:\/\/www.horsdoeuvre.fr\/musique\/dez-mona-hilfe-kommt-jacks-hat\">Dez Mona<\/a>, un hommage \u00e0 un certain Prince Roger Nelson\u2026 Impossible de les citer tous\u00a0!<\/p>\n<p>De quoi s\u2019en mettre plein les oreilles et l\u2019occasion de fl\u00e2ner vers la cath\u00e9drale, ou dans le quartier plein de charme de Saint-Leu, le long de la Somme.<\/p>\n<p><strong>Pour en savoir plus sur le Festival d\u2019Amiens\u00a0:<\/strong> <a title=\"Festival d'Amiens\" href=\"http:\/\/www.amiensjazzfestival.com\/\" target=\"_blank\" rel=\"noopener\">http:\/\/www.amiensjazzfestival.com<\/a><\/p>\n<p><strong>Renseignements et r\u00e9servations\u00a0:<\/strong><\/p>\n<p><strong>Maison de la Culture d\u2019Amiens<\/strong><br \/>\nPlace L\u00e9on Gontier \/ BP 0631<br \/>\n80006 Amiens Cedex 1<br \/>\nT\u00e9l : 03 22 97 79 77<br \/>\nDu mardi au vendredi de 13h \u00e0 19h<br \/>\nLe samedi de 14h \u00e0 19h<\/p>\n<p><strong>La Malle \u00e0 disques (Point de vente)<\/strong><br \/>\n1 rue du March\u00e9 Lanselles<br \/>\n80 000 Amiens<br \/>\nT\u00e9l : 03 22 72 01 86<br \/>\nLe lundi 13h30 \u00e0 19h<br \/>\nDu mardi au samedi 10h \u00e0 19h<\/p>\n<div style=\"margin-top: 0px; margin-bottom: 0px;\" class=\"sharethis-inline-share-buttons\" ><\/div>","protected":false},"excerpt":{"rendered":"<p>\u00ab\u00a0La musique n\u2019a pas de prix\u00a0\u00bb. C\u2019est du moins ce qu\u2019ont d\u00e9cid\u00e9 les organisateurs de l\u2019Amiens Jazz Festival. Prenant mod\u00e8le<\/p>\n","protected":false},"author":16,"featured_media":12303,"comment_status":"open","ping_status":"open","sticky":false,"template":"","format":"standard","meta":{"_acf_changed":false,"om_disable_all_campaigns":false,"_monsterinsights_skip_tracking":false,"_monsterinsights_sitenote_active":false,"_monsterinsights_sitenote_note":"","_monsterinsights_sitenote_category":0,"footnotes":""},"categories":[15,9],"tags":[252,254,262,263,264,265,266,267,268,269,270,271,272,1730,273,82,274,165],"translation":{"provider":"WPGlobus","version":"3.0.2","language":"ru","enabled_languages":["fr","ru"],"languages":{"fr":{"title":true,"content":true,"excerpt":false},"ru":{"title":false,"content":false,"excerpt":false}}},"acf":[],"aioseo_notices":[],"_links":{"self":[{"href":"https:\/\/www.horsdoeuvre.fr\/ru\/wp-json\/wp\/v2\/posts\/698"}],"collection":[{"href":"https:\/\/www.horsdoeuvre.fr\/ru\/wp-json\/wp\/v2\/posts"}],"about":[{"href":"https:\/\/www.horsdoeuvre.fr\/ru\/wp-json\/wp\/v2\/types\/post"}],"author":[{"embeddable":true,"href":"https:\/\/www.horsdoeuvre.fr\/ru\/wp-json\/wp\/v2\/users\/16"}],"replies":[{"embeddable":true,"href":"https:\/\/www.horsdoeuvre.fr\/ru\/wp-json\/wp\/v2\/comments?post=698"}],"version-history":[{"count":17,"href":"https:\/\/www.horsdoeuvre.fr\/ru\/wp-json\/wp\/v2\/posts\/698\/revisions"}],"predecessor-version":[{"id":18981,"href":"https:\/\/www.horsdoeuvre.fr\/ru\/wp-json\/wp\/v2\/posts\/698\/revisions\/18981"}],"wp:featuredmedia":[{"embeddable":true,"href":"https:\/\/www.horsdoeuvre.fr\/ru\/wp-json\/wp\/v2\/media\/12303"}],"wp:attachment":[{"href":"https:\/\/www.horsdoeuvre.fr\/ru\/wp-json\/wp\/v2\/media?parent=698"}],"wp:term":[{"taxonomy":"category","embeddable":true,"href":"https:\/\/www.horsdoeuvre.fr\/ru\/wp-json\/wp\/v2\/categories?post=698"},{"taxonomy":"post_tag","embeddable":true,"href":"https:\/\/www.horsdoeuvre.fr\/ru\/wp-json\/wp\/v2\/tags?post=698"}],"curies":[{"name":"wp","href":"https:\/\/api.w.org\/{rel}","templated":true}]}}