{"id":17576,"date":"2023-01-21T14:53:01","date_gmt":"2023-01-21T13:53:01","guid":{"rendered":"http:\/\/www.horsdoeuvre.fr\/?p=17576"},"modified":"2026-02-20T16:38:32","modified_gmt":"2026-02-20T15:38:32","slug":"la-traditionnelle","status":"publish","type":"post","link":"https:\/\/www.horsdoeuvre.fr\/ru\/la-traditionnelle\/","title":{"rendered":"La traditionnelle"},"content":{"rendered":"<p>Heureusement, toutes les galettes individuelles ne permettent pas le d\u00e9compte. La f\u00e8ve comme preuve incriminante, j\u2019ai pour l\u2019instant atteint l\u2019honorable moyenne, liss\u00e9e sur l\u2019ann\u00e9e, d\u2019une par mois\u2026 Alors que je me mets en condition en croquant une part, je me dis que je vais s\u00fbrement faire l\u2019impasse sur \u00ab l\u2019originale \u00bb, d&#8217;autant que la Chandeleur vient d\u00e9j\u00e0 me faire de l&#8217;\u0153il dans ma bo\u00eete mail.<\/p>\n<p><a href=\"https:\/\/www.horsdoeuvre.fr\/galette-roi-des-desserts-arnaud-larher\/\">Dans ma s\u00e9lection<\/a>, des boulangeries \u00e9lues, des p\u00e2tissiers reconnus et pas vraiment d\u2019inconnus. J\u2019\u00e9carte les galettes qui s\u2019\u00e9miettent trop ou que j\u2019effeuille, lass\u00e9e de la p\u00e2te tr\u00e8s pr\u00e9sente, les frangipanes onctueuses mais pas assez go\u00fbteuses, et m\u00eame les num\u00e9ros 1 de certains.<\/p>\n<p>J\u2019aurais d&#8217;ailleurs aim\u00e9 tester celle dont tout le monde parle : la galette des rois de chez Tapisserie. Seulement, on ne peut pas la commander et je ne pouvais pas me rendre\u00a0rue de Charonne \u00e0 l&#8217;heure recommand\u00e9e&#8230;<\/p>\n<figure id=\"post-17580 media-17580\" class=\"align-center\">\n<div style=\"width: 650px\" class=\"wp-caption aligncenter\"><img loading=\"lazy\" decoding=\"async\" src=\"https:\/\/www.horsdoeuvre.fr\/wp-content\/uploads\/galette-rois-herme.jpg\" alt=\"Galette infiniment amande - Pierre Herm\u00e9\" width=\"640\" height=\"445\" \/><p class=\"wp-caption-text\">Galette infiniment amande &#8212; Pierre Herm\u00e9<\/p><\/div><\/figure>\n<figure id=\"post-17567 media-17567\" class=\"align-center\"><\/figure>\n<p>Parmi toutes les galettes d\u00e9gust\u00e9es, j&#8217;ai deux coups de c\u0153ur \u00e0 la saveur affirm\u00e9e. D&#8217;abord celle de l&#8217;Atelier P1, rue Marcadet, dont la poudre d&#8217;amandes compl\u00e8tes donne un go\u00fbt franc, rustique, \u00e0 la frangipane g\u00e9n\u00e9reusement \u00e9paisse. Ensuite, l&#8217; &#171;Infiniment Amande&#187; de Pierre Herm\u00e9, aux amandes torr\u00e9fi\u00e9es et aux \u00e9clats croquants de fruits secs, qu&#8217;il nous arrive de confondre, tremblants, avec la f\u00e8ve.<\/p>\n<p>Mon marathon prend fin sans \u00eatre pass\u00e9, cette ann\u00e9e, par la rue des Martyrs o\u00f9 se trouve une valeur s\u00fbre : la classique parfum\u00e9e au rhum de S\u00e9bastien Gaudard. Je vous passe le relais !<br \/>\n<!-- - Atelier P1 : 4\/6 personnes, 26 euros. - Pierre Herm\u00e9 : 4 personnes, 35 euros. Les deux sont \u00e9galement disponibles en galette individuelle. --><\/p>\n<div style=\"margin-top: 0px; margin-bottom: 0px;\" class=\"sharethis-inline-share-buttons\" ><\/div>","protected":false},"excerpt":{"rendered":"<p>Heureusement, toutes les galettes individuelles ne permettent pas le d\u00e9compte. La f\u00e8ve comme preuve incriminante, j\u2019ai pour l\u2019instant atteint l\u2019honorable<\/p>\n","protected":false},"author":21,"featured_media":17579,"comment_status":"open","ping_status":"open","sticky":false,"template":"","format":"standard","meta":{"_acf_changed":false,"om_disable_all_campaigns":false,"_monsterinsights_skip_tracking":false,"_monsterinsights_sitenote_active":false,"_monsterinsights_sitenote_note":"","_monsterinsights_sitenote_category":0,"footnotes":""},"categories":[7],"tags":[1729,210,1276,4239,4240,4242,4243,4244],"translation":{"provider":"WPGlobus","version":"3.0.2","language":"ru","enabled_languages":["fr","ru"],"languages":{"fr":{"title":true,"content":true,"excerpt":false},"ru":{"title":false,"content":false,"excerpt":false}}},"acf":[],"aioseo_notices":[],"_links":{"self":[{"href":"https:\/\/www.horsdoeuvre.fr\/ru\/wp-json\/wp\/v2\/posts\/17576"}],"collection":[{"href":"https:\/\/www.horsdoeuvre.fr\/ru\/wp-json\/wp\/v2\/posts"}],"about":[{"href":"https:\/\/www.horsdoeuvre.fr\/ru\/wp-json\/wp\/v2\/types\/post"}],"author":[{"embeddable":true,"href":"https:\/\/www.horsdoeuvre.fr\/ru\/wp-json\/wp\/v2\/users\/21"}],"replies":[{"embeddable":true,"href":"https:\/\/www.horsdoeuvre.fr\/ru\/wp-json\/wp\/v2\/comments?post=17576"}],"version-history":[{"count":5,"href":"https:\/\/www.horsdoeuvre.fr\/ru\/wp-json\/wp\/v2\/posts\/17576\/revisions"}],"predecessor-version":[{"id":19689,"href":"https:\/\/www.horsdoeuvre.fr\/ru\/wp-json\/wp\/v2\/posts\/17576\/revisions\/19689"}],"wp:featuredmedia":[{"embeddable":true,"href":"https:\/\/www.horsdoeuvre.fr\/ru\/wp-json\/wp\/v2\/media\/17579"}],"wp:attachment":[{"href":"https:\/\/www.horsdoeuvre.fr\/ru\/wp-json\/wp\/v2\/media?parent=17576"}],"wp:term":[{"taxonomy":"category","embeddable":true,"href":"https:\/\/www.horsdoeuvre.fr\/ru\/wp-json\/wp\/v2\/categories?post=17576"},{"taxonomy":"post_tag","embeddable":true,"href":"https:\/\/www.horsdoeuvre.fr\/ru\/wp-json\/wp\/v2\/tags?post=17576"}],"curies":[{"name":"wp","href":"https:\/\/api.w.org\/{rel}","templated":true}]}}