{"id":14705,"date":"2018-08-09T12:22:16","date_gmt":"2018-08-09T11:22:16","guid":{"rendered":"http:\/\/www.horsdoeuvre.fr\/?p=14705"},"modified":"2025-02-19T11:54:20","modified_gmt":"2025-02-19T10:54:20","slug":"la-madeleine-au-fond-du-jardin","status":"publish","type":"post","link":"https:\/\/www.horsdoeuvre.fr\/ru\/la-madeleine-au-fond-du-jardin\/","title":{"rendered":"La madeleine Au Fond du Jardin"},"content":{"rendered":"<p align=\"justify\"><b>Strasbourg, parenth\u00e8se enchant\u00e9e.<\/b> A deux pas de la cath\u00e9drale, et pourtant \u00e9tonnamment loin de toute fr\u00e9n\u00e9sie touristique, nous avons d\u00e9couvert, Emilie et moi, un <b>havre de paix\u00a0: Au Fond du Jardin.<\/b> Nous ne l\u2019avons pas \u00ab\u00a0d\u00e9nich\u00e9\u00a0\u00bb, le petit \u00e9den \u00e9tant une v\u00e9ritable institution dans cette \u00ab\u00a0ville des routes\u00a0\u00bb. Nous avions d\u2019ailleurs \u00e9t\u00e9 pr\u00e9venues, avant de partir pour notre week-end entre amies\u00a0: \u00ab\u00a0<i>Pour aller bruncher Au Fond du Jardin, il faut r\u00e9server, selon les saisons, deux \u00e0 trois mois \u00e0 l&#8217;avance\u00a0\u00bb<\/i>\u2026 Attir\u00e9es par la devanture, <b>entre cottage et maison de poup\u00e9e<\/b>, nous d\u00e9cidions cependant de forcer notre chance. Il faudrait revenir\u2026 pour le Tea Time\u00a0!<\/p>\n<h2 align=\"justify\"><b>Un hmm d\u2019exception\u00a0!<\/b><\/h2>\n<p align=\"justify\"><b>16h30. <\/b>Le soleil, \u00e9blouissant, tape dur. Parce que nous fuyons la grisaille parisienne et ses pluies intempestives, nous nous installons en terrasse. Les multiples essences aux feuillages hauts nous assureront un d\u00e9licieux ombrage. <b>Notre h\u00f4te, \u00ab\u00a0Fred\u00a0\u00bb<\/b>, se pr\u00e9sente en m\u00eame temps que les cartes. Il reviendra nous conseiller dans quelques minutes. Cela vaut mieux, les cr\u00e9ations gourmandes se d\u00e9ployant sur plusieurs pages. Un roman\u00a0! Dans la collection des th\u00e9s, je m\u2019oriente vers les fleuris et les fruit\u00e9s. Nous sommes en effet en plein roman, de <b>Virginia Woolf<\/b> ou de <b>Jane Austen<\/b>\u00a0: <i>\u00ab\u00a0Il foulait, comme chaque jour, l\u2019\u00e9paisse moquette du Train Bleu pour le Five O\u2019clock Tea du compartiment 5\u00a0\u00bb<\/i>. J\u2019h\u00e9site encore avec un autre th\u00e9 blanc, \u00ab\u00a0Le Vent dans les Arbres\u00a0\u00bb (\u00ab\u00a0<i>Le vent dans les arbres transporte toujours les plus douces harmonies de fruits rouges et les plus belles fleurs des champs.\u00a0\u00bb<\/i>) Finalement, happ\u00e9e par le r\u00e9cit po\u00e9tique du ma\u00eetre de maison, je choisis l\u2019amant, \u00ab\u00a0L\u2019Amant du Train Bleu\u00a0\u00bb\u00a0!<\/p>\n<figure id=\"post-14710 media-14710\" class=\"align-center\">\n<div style=\"width: 810px\" class=\"wp-caption aligncenter\"><img loading=\"lazy\" decoding=\"async\" title=\"La madeleine au fond du jardin \u00a9 Emilie Paul\" src=\"https:\/\/www.horsdoeuvre.fr\/wp-content\/uploads\/au-find-du-jardin-strasbourg.jpg\" alt=\"La madeleine au fond du jardin \u00a9 Emilie Paul\" width=\"800\" height=\"450\" \/><p class=\"wp-caption-text\">La madeleine au fond du jardin \u00a9 Emilie Paul<\/p><\/div><\/figure>\n<p align=\"justify\">Je succombe \u00e9galement aux c\u00e9l\u00e8bres madeleines, <b>les Madeleines du Voyage<\/b>, imagin\u00e9es par Laurent Renaud, l\u2019autre moiti\u00e9 de l\u2019indissociable duo <b>\u00ab\u00a0Fred &amp; Laurent\u00a0\u00bb<\/b>. Ici, les <i>\u00ab\u00a0g\u00e2teaux courts et dodus\u00a0\u00bb<\/i>, selon la m\u00e9moire proustienne, sont de pr\u00e9cieux joyaux, poudr\u00e9s, perl\u00e9s, et m\u00eame couronn\u00e9s, apprend-on, afin de c\u00e9l\u00e9brer le mariage du <b>prince Harry<\/b>. Etrangement, alors que je raffole du gla\u00e7age, je n\u2019en choisis aucun. Je me fie davantage aux parfums. Baileys, caf\u00e9, noisette grill\u00e9e\u00a0: destination le 221b Baker Street avec le rationnel, bien qu\u2019\u00e9nigmatique, <b>\u00ab\u00a0Sherlock Holmes\u00a0\u00bb<\/b>\u00a0! Un voisin, soucieux de ses \u00e9conomies, s\u2019int\u00e9resse quant \u00e0 lui seulement au prix. Pour l\u2019unique importun, le compte est facile\u00a0: si les trois pi\u00e8ces sont \u00e0 9,20 \u20ac, mieux vaut prendre les madeleines les plus <i>\u00ab\u00a0expensive\u00a0\u00bb<\/i> \u00e0 l\u2019unit\u00e9. La verdure n\u2019est pas un paravent suffisant\u2026<\/p>\n<p align=\"justify\">Heureusement, une serveuse, tout en retenue britannique, nous apporte les th\u00e9i\u00e8res de fine porcelaine. Les rouages de montres \u00e0 gousset \u00e0 la <b>Lewis Carroll <\/b>m\u2019hypnotisent, mais je quitte vite Alice et le Lapin Blanc, pr\u00e9cipit\u00e9e par la premi\u00e8re gorg\u00e9e du breuvage romantique dans un autre <b>Pays des Merveilles\u00a0<\/b>: <b>le Japon.<\/b> Les fleurs de cerisier m\u2019entourent de leurs effluves aussi d\u00e9licates que le rose p\u00e2le des fragiles p\u00e9tales. Le \u00ab\u00a0Sakura\u00a0\u00bb n\u2019a-t-il que le go\u00fbt de la cerise\u00a0? Ma r\u00eaverie fait \u00e9clore des pommiers odorif\u00e9rants. Peu importe. Au fond de ma tasse, le Sakura a surtout un go\u00fbt de Carpe Diem. La fra\u00eecheur du jeune amant fanera comme le printemps\u2026<\/p>\n<p align=\"justify\">Rouvrant les yeux, je romps le charme, un bref instant. J\u2019aper\u00e7ois alors ma complice en p\u00e9ch\u00e9 croquer une bouch\u00e9e. La t\u00eate se renverse, les paupi\u00e8res se ferment\u2026 Un pur moment de d\u00e9lectation ! Les douceurs suivantes sont aussi envo\u00fbtantes mais <b>\u00ab\u00a0Angel\u00a0\u00bb<\/b>, associant nougat et pralin blanc, garde sa pr\u00e9f\u00e9rence, m\u00eame si la subtile touche d\u2019orchid\u00e9e ne s\u2019est pas d\u00e9voil\u00e9e. Mon \u00ab\u00a0petit coquillage de p\u00e2tisserie\u00a0\u00bb n\u2019a pas le glamour de l\u2019\u00e9vocation bleu cura\u00e7ao et or \u00e9toil\u00e9 des sculpturales silhouettes Mugler mais je craque pour la gr\u00e2ce de <b>\u00ab\u00a0Roses Drag\u00e9es\u00a0\u00bb<\/b>, aux ar\u00f4mes d\u2019amande sucr\u00e9e et de vanille fleurie.<\/p>\n<div id=\"wondercarousellightbox_options\" data-skinsfoldername=\"\"  data-jsfolder=\"https:\/\/www.horsdoeuvre.fr\/wp-content\/plugins\/wonderplugin-carousel\/engine\/\" style=\"display:none;\"><\/div>\r\n<style type=\"text\/css\">.wonderplugincarousel-container { margin-bottom:20px; }<\/style><style type=\"text\/css\">@import url(https:\/\/fonts.googleapis.com\/css?family=Open+Sans);  #wonderplugincarousel-12 .amazingcarousel-image {\t \tposition: relative; \tpadding: 0px; }  #wonderplugincarousel-12 .amazingcarousel-image img { \tdisplay: block; \twidth: 100%; \tmax-width: 100%; \tborder: 0; \tmargin: 0; \tpadding: 0; \t-moz-border-radius: 0px; \t-webkit-border-radius: 0px; \tborder-radius: 0px; \t-moz-box-shadow:  0 1px 4px rgba(0, 0, 0, 0.2); \t-webkit-box-shadow: 0 1px 4px rgba(0, 0, 0, 0.2); \tbox-shadow: 0 1px 4px rgba(0, 0, 0, 0.2); }  #wonderplugincarousel-12 .amazingcarousel-text { \tposition:absolute; \tleft: 0px; \tbottom: 0px; \ttext-align:center; \twidth: 100%; \tdisplay: none; }  #wonderplugincarousel-12 .amazingcarousel-image:hover div.amazingcarousel-text {\t \tdisplay: block; }  #wonderplugincarousel-12 .amazingcarousel-text-bg { \tposition:absolute; \ttop: 0px; \tleft: 0px; \twidth: 100%; \theight: 100%; \tbackground-color: #333333; \topacity: 0.5; \tfilter: alpha(opacity=50); }  #wonderplugincarousel-12 .amazingcarousel-title { \tposition:relative; \tfont:14px \"Open Sans\", sans-serif; \tcolor:#ffffff; \ttext-align:center; \twidth: 100%; \tpadding: 10px 0px; }  #wonderplugincarousel-12 .amazingcarousel-list-container {  \tpadding: 8px 4px; \tbackground-color: #fff; \tborder: 1px solid #ddd; }  #wonderplugincarousel-12 .amazingcarousel-item-container { \ttext-align: center; }  #wonderplugincarousel-12 .amazingcarousel-prev { \tleft: 0%; \ttop: 50%; \tmargin-left: -48px; \tmargin-top: -16px; }  #wonderplugincarousel-12 .amazingcarousel-next { \tright: 0%; \ttop: 50%; \tmargin-right: -48px; \tmargin-top: -16px; }  #wonderplugincarousel-12 .amazingcarousel-nav { \tposition: absolute; \twidth: 100%; \ttop: 100%; }  #wonderplugincarousel-12 .amazingcarousel-bullet-wrapper { \tmargin: 16px auto; }<\/style><div class=\"wonderplugincarousel-container\" id=\"wonderplugincarousel-container-12\"><div class=\"wonderplugincarousel\" id=\"wonderplugincarousel-12\" data-carouselid=\"12\" data-width=\"200\" data-height=\"125\" data-skin=\"stylish\" data-sameheight=\"false\" data-sameheightresponsive=\"false\" data-centerimage=\"true\" data-fixaspectratio=\"true\" data-autoplay=\"false\" data-random=\"false\" data-circular=\"true\" data-pauseonmouseover=\"true\" data-continuous=\"false\" data-responsive=\"true\" data-showhoveroverlay=\"true\" data-showhoveroverlayalways=\"false\" data-hidehoveroverlayontouch=\"false\" data-lightboxresponsive=\"true\" data-lightboxshownavigation=\"false\" data-lightboxnogroup=\"false\" data-lightboxshowtitle=\"false\" data-lightboxshowdescription=\"false\" data-usescreenquery=\"false\" data-donotinit=\"false\" data-addinitscript=\"false\" data-doshortcodeontext=\"false\" data-showplayvideo=\"true\" data-triggerresize=\"false\" data-lightboxfullscreenmode=\"false\" data-lightboxcloseonoverlay=\"true\" data-lightboxvideohidecontrols=\"false\" data-lightboxautoslide=\"false\" data-lightboxshowtimer=\"true\" data-lightboxshowplaybutton=\"true\" data-lightboxalwaysshownavarrows=\"false\" data-lightboxshowtitleprefix=\"true\" data-spacing=\"8\" data-rownumber=\"1\" data-visibleitems=\"3\" data-arrowstyle=\"always\" data-arrowimage=\"arrows-32-32-0.png\" data-arrowwidth=\"32\" data-arrowheight=\"32\" data-navstyle=\"none\" data-navimage=\"bullet-24-24-0.png\" data-navwidth=\"24\" data-navheight=\"24\" data-navspacing=\"4\" data-hoveroverlayimage=\"hoveroverlay-64-64-9.png\" data-lightboxthumbwidth=\"90\" data-lightboxthumbheight=\"60\" data-lightboxthumbtopmargin=\"12\" data-lightboxthumbbottommargin=\"4\" data-lightboxbarheight=\"64\" data-lightboxtitlebottomcss=\"{color:#333; font-size:14px; font-family:Armata,sans-serif,Arial; overflow:hidden; text-align:left;}\" data-lightboxdescriptionbottomcss=\"{color:#333; font-size:12px; font-family:Arial,Helvetica,sans-serif; overflow:hidden; text-align:left; margin:4px 0px 0px; padding: 0px;}\" data-continuousduration=\"2500\" data-scrollmode=\"page\" data-interval=\"3000\" data-transitionduration=\"1000\" data-lightboxtitlestyle=\"bottom\" data-lightboximagepercentage=\"75\" data-lightboxdefaultvideovolume=\"1\" data-lightboxoverlaybgcolor=\"#000\" data-lightboxoverlayopacity=\"0.9\" data-lightboxbgcolor=\"#fff\" data-lightboxtitleprefix=\"%NUM \/ %TOTAL\" data-lightboxtitleinsidecss=\"color:#fff; font-size:16px; font-family:Arial,Helvetica,sans-serif; overflow:hidden; text-align:left;\" data-lightboxdescriptioninsidecss=\"color:#fff; font-size:12px; font-family:Arial,Helvetica,sans-serif; overflow:hidden; text-align:left; margin:4px 0px 0px; padding: 0px;\" data-playvideoimage=\"playvideo-64-64-0.png\" data-playvideoimagepos=\"center\" data-sameheightmediumscreen=\"769\" data-sameheightmediumheight=\"200\" data-sameheightsmallscreen=\"415\" data-sameheightsmallheight=\"150\" data-triggerresizedelay=\"100\" data-lightboxslideinterval=\"5000\" data-lightboxtimerposition=\"bottom\" data-lightboxtimercolor=\"#dc572e\" data-lightboxtimeropacity=\"1\" data-lightboxbordersize=\"8\" data-lightboxborderradius=\"0\" data-screenquery='{ \"tablet\": { \"screenwidth\": 900, \"visibleitems\": 2 }, \"mobile\": { \"screenwidth\": 600, \"visibleitems\": 1 } }' data-jsfolder=\"https:\/\/www.horsdoeuvre.fr\/wp-content\/plugins\/wonderplugin-carousel\/engine\/\" style=\"display:none;position:relative;margin:0 auto;width:100%;max-width:600px;\" ><div class=\"amazingcarousel-list-container\" style=\"overflow:hidden;\"><ul class=\"amazingcarousel-list\"><li class=\"amazingcarousel-item\"><div class=\"amazingcarousel-item-container\"><div class=\"amazingcarousel-image\">\n\t<a href=\"http:\/\/www.horsdoeuvre.fr\/wp-content\/uploads\/boutique-strasbourg.jpg\" title=\"Salon de th\u00e9 - Au Fond du Jardin \u00a9 Emilie Paul\" data-description=\"Salon de th\u00e9 - Au Fond du Jardin \u00a9 Emilie Paul\" data-thumbnail=\"http:\/\/www.horsdoeuvre.fr\/wp-content\/uploads\/boutique-strasbourg-100x100.jpg\" class=\"wondercarousellightbox wondercarousellightbox-12\" data-group=\"wondercarousellightbox-12\"><img decoding=\"async\" src=\"http:\/\/www.horsdoeuvre.fr\/wp-content\/uploads\/boutique-strasbourg.jpg\" alt=\"Salon de th\u00e9 - Au Fond du Jardin \u00a9 Emilie Paul\" data-description=\"Salon de th\u00e9 - Au Fond du Jardin \u00a9 Emilie Paul\" \/><\/a>\n\t<div class=\"amazingcarousel-text\">\n\t\t<div class=\"amazingcarousel-text-bg\"><\/div>\n\t\t<div class=\"amazingcarousel-title\">Salon de th\u00e9 - Au Fond du Jardin \u00a9 Emilie Paul<\/div>\n\t<\/div>\n<\/div><\/div><\/li><li class=\"amazingcarousel-item\"><div class=\"amazingcarousel-item-container\"><div class=\"amazingcarousel-image\">\n\t<a href=\"http:\/\/www.horsdoeuvre.fr\/wp-content\/uploads\/caroll-strasbourg.jpg\" title=\"Salon de th\u00e9 - Au Fond du Jardin \u00a9 Emilie Paul\" data-description=\"Salon de th\u00e9 - Au Fond du Jardin \u00a9 Emilie Paul\" data-thumbnail=\"http:\/\/www.horsdoeuvre.fr\/wp-content\/uploads\/caroll-strasbourg-100x100.jpg\" class=\"wondercarousellightbox wondercarousellightbox-12\" data-group=\"wondercarousellightbox-12\"><img decoding=\"async\" src=\"http:\/\/www.horsdoeuvre.fr\/wp-content\/uploads\/caroll-strasbourg.jpg\" alt=\"Salon de th\u00e9 - Au Fond du Jardin \u00a9 Emilie Paul\" data-description=\"Salon de th\u00e9 - Au Fond du Jardin \u00a9 Emilie Paul\" \/><\/a>\n\t<div class=\"amazingcarousel-text\">\n\t\t<div class=\"amazingcarousel-text-bg\"><\/div>\n\t\t<div class=\"amazingcarousel-title\">Salon de th\u00e9 - Au Fond du Jardin \u00a9 Emilie Paul<\/div>\n\t<\/div>\n<\/div><\/div><\/li><li class=\"amazingcarousel-item\"><div class=\"amazingcarousel-item-container\"><div class=\"amazingcarousel-image\">\n\t<a href=\"http:\/\/www.horsdoeuvre.fr\/wp-content\/uploads\/lile-strasbourg.jpg\" title=\"Salon de th\u00e9 - Au Fond du Jardin \u00a9 Emilie Paul\" data-description=\"Salon de th\u00e9 - Au Fond du Jardin \u00a9 Emilie Paul\" data-thumbnail=\"http:\/\/www.horsdoeuvre.fr\/wp-content\/uploads\/lile-strasbourg-399x516.jpg\" class=\"wondercarousellightbox wondercarousellightbox-12\" data-group=\"wondercarousellightbox-12\"><img decoding=\"async\" src=\"http:\/\/www.horsdoeuvre.fr\/wp-content\/uploads\/lile-strasbourg.jpg\" alt=\"Salon de th\u00e9 - Au Fond du Jardin \u00a9 Emilie Paul\" data-description=\"Salon de th\u00e9 - Au Fond du Jardin \u00a9 Emilie Paul\" \/><\/a>\n\t<div class=\"amazingcarousel-text\">\n\t\t<div class=\"amazingcarousel-text-bg\"><\/div>\n\t\t<div class=\"amazingcarousel-title\">Salon de th\u00e9 - Au Fond du Jardin \u00a9 Emilie Paul<\/div>\n\t<\/div>\n<\/div><\/div><\/li><li class=\"amazingcarousel-item\"><div class=\"amazingcarousel-item-container\"><div class=\"amazingcarousel-image\">\n\t<a href=\"http:\/\/www.horsdoeuvre.fr\/wp-content\/uploads\/assiettes-strasbourg.jpg\" title=\"Salon de th\u00e9 - Au Fond du Jardin \u00a9 Emilie Paul\" data-description=\"Salon de th\u00e9 - Au Fond du Jardin \u00a9 Emilie Paul\" data-thumbnail=\"http:\/\/www.horsdoeuvre.fr\/wp-content\/uploads\/assiettes-strasbourg-399x299.jpg\" class=\"wondercarousellightbox wondercarousellightbox-12\" data-group=\"wondercarousellightbox-12\"><img decoding=\"async\" src=\"http:\/\/www.horsdoeuvre.fr\/wp-content\/uploads\/assiettes-strasbourg.jpg\" alt=\"Salon de th\u00e9 - Au Fond du Jardin \u00a9 Emilie Paul\" data-description=\"Salon de th\u00e9 - Au Fond du Jardin \u00a9 Emilie Paul\" \/><\/a>\n\t<div class=\"amazingcarousel-text\">\n\t\t<div class=\"amazingcarousel-text-bg\"><\/div>\n\t\t<div class=\"amazingcarousel-title\">Salon de th\u00e9 - Au Fond du Jardin \u00a9 Emilie Paul<\/div>\n\t<\/div>\n<\/div><\/div><\/li><li class=\"amazingcarousel-item\"><div class=\"amazingcarousel-item-container\"><div class=\"amazingcarousel-image\">\n\t<a href=\"http:\/\/www.horsdoeuvre.fr\/wp-content\/uploads\/oscar-wilde-strasbourg.jpg\" title=\"Salon de th\u00e9 - Au Fond du Jardin \u00a9 Emilie Paul\" data-description=\"Salon de th\u00e9 - Au Fond du Jardin \u00a9 Emilie Paul\" data-thumbnail=\"http:\/\/www.horsdoeuvre.fr\/wp-content\/uploads\/oscar-wilde-strasbourg-399x532.jpg\" class=\"wondercarousellightbox wondercarousellightbox-12\" data-group=\"wondercarousellightbox-12\"><img decoding=\"async\" src=\"http:\/\/www.horsdoeuvre.fr\/wp-content\/uploads\/oscar-wilde-strasbourg.jpg\" alt=\"Salon de th\u00e9 - Au Fond du Jardin \u00a9 Emilie Paul\" data-description=\"Salon de th\u00e9 - Au Fond du Jardin \u00a9 Emilie Paul\" \/><\/a>\n\t<div class=\"amazingcarousel-text\">\n\t\t<div class=\"amazingcarousel-text-bg\"><\/div>\n\t\t<div class=\"amazingcarousel-title\">Salon de th\u00e9 - Au Fond du Jardin \u00a9 Emilie Paul<\/div>\n\t<\/div>\n<\/div><\/div><\/li><\/ul><div class=\"amazingcarousel-prev\"><\/div><div class=\"amazingcarousel-next\"><\/div><\/div><div class=\"amazingcarousel-nav\"><\/div><div class=\"wonderplugin-engine\"><a href=\"http:\/\/www.wonderplugin.com\/wordpress-carousel\/\" title=\"WordPress Image Scroller Plugin\">WordPress Image Scroller Plugin<\/a><\/div><\/div><\/div>\n<p align=\"justify\">Le temps a suspendu son vol, son vol des heures, mais nous nous levons pour reprendre le cours de notre exploration de l\u2019Ill et de ses environs. Avant, un dernier petit tour \u00e0 la boutique-salon de th\u00e9\u00a0!<\/p>\n<h2 align=\"justify\"><b>Strasbourg ou la nouvelle Angleterre<\/b><\/h2>\n<p align=\"justify\">Dans cette ambiance so british, entre le portrait d\u2019<b>Oscar Wilde<\/b> et la photo d\u2019<b>Emma Peel et de John Steed<\/b>, entre tentures et pampilles, l\u2019\u00e9vidence nous a rattrap\u00e9es. Une interview serait-elle possible\u00a0? Pourquoi pas. Nous apprenons que plus de 300 madeleines sont confectionn\u00e9es chaque jour et que les extraordinaires d\u00e9cors changent avec les saisons. Nous fl\u00e2nons, nous flashons et\u2026 nous nous arr\u00eatons devant des cadres montrant <b>Lord Grantham, Les Crawley, Carson, John Bates<\/b>\u2026 Bien s\u00fbr\u00a0!<\/p>\n<p align=\"justify\">Cette bonbonni\u00e8re hors du temps d\u00e9gage ind\u00e9niablement une atmosph\u00e8re \u00e0 la <b>Downton Abbey<\/b>. Pourtant, Fred, F<b>r\u00e9d\u00e9ric Robert<\/b>, nous fait un aveu\u00a0: il ne connaissait pas cette s\u00e9rie, multi-r\u00e9compens\u00e9e, sur l&#8217;aristocratie de l&#8217;\u00e8re victorienne et de l\u2019\u00e9poque edwardienne. Les ressemblances avec la saga historique et familiale lui ont \u00e9t\u00e9 r\u00e9v\u00e9l\u00e9es par <b>d\u2019\u00e9l\u00e9gants gourmets<\/b>, c\u00e9l\u00e8bres chef d\u2019orchestre et musiciens. Entre deux concerts, entre deux partances, ils sont revenus d\u00e9poser un pr\u00e9sent\u00a0: l\u2019int\u00e9grale en coffret DVD\u00a0! Touchante anecdote qui dit le soin apport\u00e9 \u00e0 l\u2019accueil\u00a0! Les nombreux bristols et remerciements de personnalit\u00e9s, accroch\u00e9s aux murs ou pos\u00e9s dans les \u00e9tag\u00e8res, en t\u00e9moignent\u00a0: <b>Bill Clinton, Gaspard Ulliel, Jacques Garcia<\/b>\u2026 La confession nous enhardit\u00a0: nous interrogeons sans rel\u00e2che. Comment leur est venu ce concept\u00a0?<\/p>\n<p align=\"justify\"><i>Au Fond du Jardin<\/i> est l\u2019histoire d\u2019un destin. <b>Fr\u00e9d\u00e9ric Robert<\/b>, d\u00e9corateur-designer,\u00a0se rend en Bretagne, \u00e0 l\u2019invitation des Roellinger. Tout en savourant une part de tarte \u00e0 la rhubarbe, dont il conserve un souvenir \u00e9mu, l\u2019Avignonnais dessine des croquis inspir\u00e9s. <b>Laurent Renaud<\/b>, alors en formation chez le Chef renomm\u00e9, s\u2019attarde, admiratif, et donne rendez-vous au croqueur, apr\u00e8s la fermeture. Ensemble, ils vont chez sa m\u00e8re. C\u2019est l\u2019heure des pr\u00e9sentations, de la pr\u00e9sentation des madeleines de son invention. Sans r\u00e9pit, l\u2019apprenti cherche la perfection, et sans doute une certaine approbation.<\/p>\n<figure id=\"post-14714 media-14714\" class=\"align-center\">\n<div style=\"width: 710px\" class=\"wp-caption aligncenter\"><a href=\"https:\/\/www.horsdoeuvre.fr\/wp-content\/uploads\/downtown-strasbourg.jpg\"><img loading=\"lazy\" decoding=\"async\" title=\"Salon de th\u00e9 - Au Fond du Jardin \u00a9 Emilie Paul\" src=\"https:\/\/www.horsdoeuvre.fr\/wp-content\/uploads\/downtown-strasbourg.jpg\" alt=\"Salon de th\u00e9 - Au Fond du Jardin \u00a9 Emilie Paul\" width=\"700\" height=\"477\" \/><\/a><p class=\"wp-caption-text\">Salon de th\u00e9 &#8212; Au Fond du Jardin \u00a9 Emilie Paul<\/p><\/div><\/figure>\n<p align=\"justify\">La prodigieuse rencontre donnera naissance, en 1999, \u00e0 l\u2019enseigne du 6 rue de la R\u00e2pe, en Alsace, o\u00f9 la <b>For\u00eat-Noire<\/b> assure une intarissable r\u00e9serve de l\u00e9gendes et d\u2019\u00e9motions, parfois parfum\u00e9es au kirsch. Non loin des vallons verdoyants et des lacs cristallins, nous plongeons dans <b>l\u2019artisanat en cuisine<\/b>. Chaque exquise friandise, \u00e0 l\u2019assemblage souvent complexe, est fa\u00e7onn\u00e9e avec une rigueur et une patience d\u2019orf\u00e8vre. Avec les ann\u00e9es, les vertigineux volumes de fabrication et la r\u00e9glementation obligent \u00e0 d\u00e9m\u00e9nager les fourneaux. Les deux complices trouvent d\u00e8s lors des actionnaires pour mener \u00e0 bien leur projet d\u2019atelier vaste et moderne.<\/p>\n<h2 align=\"justify\"><i><b>\u00ab\u00a0De quoi avez-vous peur\u00a0?\u00a0\u00bb<\/b><\/i><\/h2>\n<p align=\"justify\">Le fondateur de la <b>boutique-salon de th\u00e9 <\/b>a n\u00e9anmoins des craintes\u00a0: le \u00ab\u00a0vol\u00a0\u00bb des recettes, si courant quand l\u2019ouvrier passe \u00e0 la concurrence. Ainsi, ils sont\u2026 <i>\u00ab\u00a0comme Coca-Cola, \u00e0 l\u2019origine\u00a0\u00bb<\/i>, gardant confidentiels les <b>secrets de fabrication <\/b>de leurs Madeleines du Voyage. Chaque matin, Laurent pr\u00e9pare seul les diverses vari\u00e9t\u00e9s du jour, laissant ensuite p\u00e2tes et instructions \u00e0 ses aides. Malgr\u00e9 la modernit\u00e9 du mat\u00e9riel d\u00e9crit, me voil\u00e0 projet\u00e9e dans un univers \u00e0 la <b>Beatrix Potter\u00a0<\/b>: tous se m\u00e9tamorphosent en adorables souris, cuill\u00e8re \u00e0 la main et charlotte sur la t\u00eate\u2026 L\u2019imp\u00e9rieux <i>\u00ab\u00a0De quoi avez-vous peur\u00a0?\u00a0\u00bb<\/i> me tire de ma divagation. Suit une constatation. Pierre Herm\u00e9 r\u00e9alise l\u2019Hispahan. Ladur\u00e9e r\u00e9alise l\u2019<b>Hispahan<\/b>. Les p\u00e2tisseries de quartier r\u00e9alisent l\u2019Hispahan, mais le consommateur viendra toujours chercher le seul et l\u2019unique, le je-ne sais-quoi qui distingue l\u2019original des hommages au cr\u00e9ateur. <i><b>\u00ab\u00a0Ton g\u00e2teau sera toujours le meilleur\u00a0!\u00a0\u00bb<\/b><\/i><i>,<\/i> lui souffle-t-on chez Dalloyau,\u00a0inventeur de l\u2019Op\u00e9ra.<\/p>\n<p align=\"justify\"><b>18h30.<\/b> La boutique s\u2019appr\u00eate \u00e0 fermer mais personne pour nous presser. Il est tout de m\u00eame temps de r\u00e9gler. Certes, ces madeleines ne sont pas bon march\u00e9 mais arracher des heures \u00e0 l\u2019ogre Chronos est inestimable, pour nous, pauvres \u00eatres sans cesse \u00e0 la recherche du temps perdu.<\/p>\n<p align=\"justify\">N\u2019avons-nous pas eu notre entretien\u00a0?, note Emilie. S\u00fbrement. Nous reviendrons pourtant, pour d\u00e9guster quelques \u00ab\u00a0hors-d\u2019\u0153uvre\u00a0\u00bb, quelques chefs-d\u2019\u0153uvre, au fond du jardin\u00a0!<\/p>\n<p align=\"justify\"><b>L\u2019assiette de Madeleines du Voyage <\/b>(3 pi\u00e8ces)<b>\u00a0:<\/b> 9,20 \u20ac<br \/>\n<b>La th\u00e9i\u00e8re 1 personne\u00a0: <\/b>7 \u20ac<br \/>\n<a href=\"https:\/\/aufonddujardin.fr\/\">https:\/\/aufonddujardin.fr<\/a><\/p>\n<div style=\"margin-top: 0px; margin-bottom: 0px;\" class=\"sharethis-inline-share-buttons\" ><\/div>","protected":false},"excerpt":{"rendered":"<p>Strasbourg, parenth\u00e8se enchant\u00e9e. A deux pas de la cath\u00e9drale, et pourtant \u00e9tonnamment loin de toute fr\u00e9n\u00e9sie touristique, nous avons d\u00e9couvert,<\/p>\n","protected":false},"author":21,"featured_media":14707,"comment_status":"open","ping_status":"open","sticky":false,"template":"","format":"standard","meta":{"_acf_changed":false,"om_disable_all_campaigns":false,"_monsterinsights_skip_tracking":false,"_monsterinsights_sitenote_active":false,"_monsterinsights_sitenote_note":"","_monsterinsights_sitenote_category":0,"footnotes":""},"categories":[16,7],"tags":[1729,38,65,210,216,3734,3735,3736],"translation":{"provider":"WPGlobus","version":"3.0.2","language":"ru","enabled_languages":["fr","ru"],"languages":{"fr":{"title":true,"content":true,"excerpt":false},"ru":{"title":false,"content":false,"excerpt":false}}},"acf":[],"aioseo_notices":[],"_links":{"self":[{"href":"https:\/\/www.horsdoeuvre.fr\/ru\/wp-json\/wp\/v2\/posts\/14705"}],"collection":[{"href":"https:\/\/www.horsdoeuvre.fr\/ru\/wp-json\/wp\/v2\/posts"}],"about":[{"href":"https:\/\/www.horsdoeuvre.fr\/ru\/wp-json\/wp\/v2\/types\/post"}],"author":[{"embeddable":true,"href":"https:\/\/www.horsdoeuvre.fr\/ru\/wp-json\/wp\/v2\/users\/21"}],"replies":[{"embeddable":true,"href":"https:\/\/www.horsdoeuvre.fr\/ru\/wp-json\/wp\/v2\/comments?post=14705"}],"version-history":[{"count":8,"href":"https:\/\/www.horsdoeuvre.fr\/ru\/wp-json\/wp\/v2\/posts\/14705\/revisions"}],"predecessor-version":[{"id":14709,"href":"https:\/\/www.horsdoeuvre.fr\/ru\/wp-json\/wp\/v2\/posts\/14705\/revisions\/14709"}],"wp:featuredmedia":[{"embeddable":true,"href":"https:\/\/www.horsdoeuvre.fr\/ru\/wp-json\/wp\/v2\/media\/14707"}],"wp:attachment":[{"href":"https:\/\/www.horsdoeuvre.fr\/ru\/wp-json\/wp\/v2\/media?parent=14705"}],"wp:term":[{"taxonomy":"category","embeddable":true,"href":"https:\/\/www.horsdoeuvre.fr\/ru\/wp-json\/wp\/v2\/categories?post=14705"},{"taxonomy":"post_tag","embeddable":true,"href":"https:\/\/www.horsdoeuvre.fr\/ru\/wp-json\/wp\/v2\/tags?post=14705"}],"curies":[{"name":"wp","href":"https:\/\/api.w.org\/{rel}","templated":true}]}}